{"id":36828,"date":"2026-04-27T17:20:35","date_gmt":"2026-04-27T17:20:35","guid":{"rendered":"https:\/\/i-wapp.es\/imarkt\/admin\/?p=36828"},"modified":"2026-02-02T01:02:52","modified_gmt":"2026-02-02T01:02:52","slug":"personnal-website","status":"publish","type":"post","link":"https:\/\/i-wapp.es\/imarkt\/admin\/personnal-website\/","title":{"rendered":"Personnal Website"},"content":{"rendered":"<div id=\"toc\" style=\"background: #f9f9f9;border: 1px solid #aaa;display: table;margin-bottom: 1em;padding: 1em;width: 350px;\">\n<p class=\"toctitle\" style=\"font-weight: 700;text-align: center;\">Content<\/p>\n<ul class=\"toc_list\">\n<li><a href=\"#toc-0\">ciudad-real \u2013 Horario de misas -espa\u00f1a<\/a><\/li>\n<li><a href=\"#toc-1\">San Juan de \u00c1vila<\/a><\/li>\n<li><a href=\"#toc-3\">Horario de misas en Almer\u00eda. Todas las iglesias<\/a><\/li>\n<li><a href=\"#toc-4\">sevilla \u2013 Horario de misas -espa\u00f1a<\/a><\/li>\n<\/ul>\n<\/div>\n<p>Junto con la capilla siguiente llamada del Ochavo (situada hacia el fondo), constituyen el mejor ejemplo de edificaciones herrerianas de esta catedral. Los espacios herrerianos son el conjunto arquitect\u00f3nico comprendido por la Sacrist\u00eda (m\u00e1s vestuario y otras dependencias), patio y casa del Tesorero, capilla del Sagrario y capilla del Ochavo o Relicario, situado en el lado norte de la catedral.\u200b En el centro y sobre la estatuilla del arzobispo hay otra imagen g\u00f3tica de mayor tama\u00f1o, de San Pedro en C\u00e1tedra, bajo doselete g\u00f3tico.\u200b Se accede por una reja limitada por una portada g\u00f3tica con arquivoltas decoradas con temas vegetales y her\u00e1ldicos en que se repite el escudo de los Rojas que lleva 5 estrellas; esta entrada est\u00e1 sobre una pared con pinturas al fresco atribuidas a Pedro Berruguete o a \u00cd\u00f1igo Comontes.<\/p>\n<h2 id=\"toc-0\">ciudad-real \u2013 Horario de misas -espa\u00f1a<\/h2>\n<p>Se sit\u00faa siete metros por debajo de la l\u00ednea de la calle, decisi\u00f3n tomada con posterioridad al inicio de las obras por la imagen de la consagraci\u00f3n a San Blas y se establecieron las rentas y deberes del cabildo para el sostenimiento de la misma.\u200b La capilla de San Blas (la de Pedro Tenorio) se encuentra en la planta baja cubierta por una b\u00f3veda en ochavo que recuerda el destino funerario. Tambi\u00e9n es parte de la tradici\u00f3n y la leyenda que Recesvinto prest\u00f3 su cuchillo al santo para realizar esta partici\u00f3n. Se guarda como tradicional reliquia un trozo del velo de Santa Leocadia (la virgen toledana hispanorromana) que seg\u00fan la leyenda fue cortado por san Ildefonso a la Santa cuando esta se apareci\u00f3 en el a\u00f1o 666. La capilla est\u00e1 rematada por una c\u00fapula con linterna que descansa sobre un tambor, obra de Jorge Manuel Theotoc\u00f3puli.\u200b Las paredes est\u00e1n decoradas con m\u00e1rmoles y la c\u00fapula con pinturas en las que trabajaron Francisco Rizi y Juan Carre\u00f1o.<\/p>\n<h3 id=\"toc-1\">San Juan de \u00c1vila<\/h3>\n<p>Tenemos dos parroquias Santa Teresa y Cartanal que celebra su fecha aniversaria de constituci\u00f3n el 15 de agosto de 1991 En esta d\u00e9cada continua la construcci\u00f3n de edificios en el centro de la poblaci\u00f3n y en la urbanizaci\u00f3n Las Flores, se construye la urbanizaci\u00f3n La Esperanza, se inician primero el desarrollo urban\u00edstico de Las Dos Lagunas y luego el de Cartanal que en pocos a\u00f1os se constituir\u00e1n en parroquia. Se cumplen 200 a\u00f1os de elevaci\u00f3n a parroquia, se estrena la nueva estatua del Libertador.Se conmemoran los 200 a\u00f1os de la parroquia con la inauguraci\u00f3n de la nueva plaza y estatua de Sim\u00f3n Bol\u00edvar y la asistencia del Presidente Caldera y el gobernador Daniel Scott. 1967- La Asamblea Legislativa del estado Miranda decreta el 5 de diciembre la creaci\u00f3n del distrito Independencia. 1951- Este a\u00f1o el 8 de diciembre surge &quot;El centro Cultural&quot; con j\u00f3venes de la \u00e9poca, como Gilberto Alcal\u00e1, Jos\u00e9 Antonio Rodr\u00edguez, Metodio Ibarra, Herman Lejter. El Ing. Domingo Mombrunt dirigen los trabajos para construir la vialidad que conduce a Barlovento y <a href=\"https:\/\/tabernatristana.es\/\">taberna mezcolanza men\u00fa<\/a> Altagracia de Orituco atravesando lo que ser\u00e1 despu\u00e9s el parque Guatopo.<\/p>\n<p>El Esp\u00edritu Santo irrumpe en su alma y la sana, quedando libre de sus problemas afectivos. Muchos fueron los confesores letrados a los que confi\u00f3 su alma a lo largo de su vida, peregrina siempre de la verdad. Cuenta ella que se cur\u00f3 gracias a la intercesi\u00f3n de san Jos\u00e9, aunque con secuelas que padecer\u00eda toda su vida. Ya en el internado de Santa Mar\u00eda de Gracia, tom\u00f3 la determinaci\u00f3n de ser religiosa, tras un fuerte combate interior.<\/p>\n<h2 id=\"toc-2\">\u231a Horario de Misas HOY Domingo e VERANO de 1 de Julio a 31 de Agosto<\/h2>\n<p>En una sociedad analfabeta, sus padres la aficionaron precozmente a la lectura. Para m\u00e1s informaci\u00f3n revisa nuestra Pol\u00edtica de Privacidad, donde encontrar\u00e1s m\u00e1s detalle sobre d\u00f3nde, c\u00f3mo y por qu\u00e9 almacenamos tus datos. En tal sentido, es posible que ciertos servicios no est\u00e9n disponibles sin la utilizaci\u00f3n de \u00e9stas o que no pueda acceder a determinados servicios ni tampoco pueda probar por completo todo lo que este Sitio Web le ofrece. \u201cToledo es una ciudad que ven\u00eda demandando este tipo de actuaciones, ya que hasta ahora por ejemplo no se pod\u00eda reciclar en el Casco, y podemos decir que estamos satisfechos\u201d, ha concluido Molina.<\/p>\n<ul>\n<li>Tiene en su interior un peque\u00f1o retablo de distintos m\u00e1rmoles cuyas figuras se atribuyen a Berruguete.\u200b<\/li>\n<li>A los siete a\u00f1os escap\u00f3 de su casa junto a su hermano, en busca de martirio.<\/li>\n<li>Las capillas de la catedral de Toledo concebidas en el proyecto de Rodrigo Xim\u00e9nez de Rada rodeaban en sus or\u00edgenes la cabecera de la catedral.<\/li>\n<li>Puede verse como figura del donante el retrato del capell\u00e1n, en la predela del retablo.<\/li>\n<li>Por encima del retablo hay un crucifijo hecho de una pieza, tallado en ra\u00edz de hinojo mexicano, tra\u00eddo por el dominico fray Gabriel de San Jos\u00e9 en 1590.<\/li>\n<\/ul>\n<p>1771- El obispo Diego de Mandro\u00f1ero, dispone que sea erigida la iglesia en parroquia de Santa Teresa de Jes\u00fas y como sacerdote se designa a Jos\u00e9 Rosal\u00edo del Carpio. Se habla de Pueblo viejo en lo que es hoy el cruce entre la carretera a Sta. Nace en la ciudad espa\u00f1ola de \u00c1vila en Castilla la Vieja, Teresa de Cepeda y Ahumada (Santa Teresa)..El 14 de octubre de 1582 muere en Alba de Tormes, la Madre Teresa de Jes\u00fas. Se hace la celebraci\u00f3n de su fiesta el d\u00eda 15 asociando este d\u00eda de 1771 con el de 1582 cuando nuestra patrona seg\u00fan la fe cat\u00f3lica inici\u00f3 su vida eterna y celestial. 14 de octubre de 1771 aquel peque\u00f1o pueblo de Santa Teresa del Tuy que diez a\u00f1os antes hab\u00eda empezado a fundarse en el centro que hoy conocemos, ahora se convert\u00eda en parroquia de Santa Teresa de Jes\u00fas.<\/p>\n<p>Qued\u00f3 hu\u00e9rfana de madre en su infancia, pasando a vivir con una t\u00eda ya que su padre no quiso que conviviera con su nueva esposa. Se realiz\u00f3 a principios del siglo\u00a0XXI una profunda restauraci\u00f3n de esta capilla, consolidando las pinturas y devolvi\u00e9ndolas todo su colorido y esplendor originales, a excepci\u00f3n de aquellos fragmentos irremediablemente perdidos.\u200b Las deficientes restauraciones sufridas y el deterioro que a lo largo de los a\u00f1os ha producido la humedad han da\u00f1ado las pinturas m\u00e1s cercanas al suelo, en algunos casos de forma irremediable. En la parte inferior de la cornisa se encuentra el Juicio Final y escenas de santos.<\/p>\n<p>La primera de todas ser\u00eda la capilla Moz\u00e1rabe que tiene su espacio de descripci\u00f3n en otra secci\u00f3n. En el presbiterio, a la izquierda y junto al retablo se encuentra el sarc\u00f3fago de Juan I de Castilla y a la derecha el de su esposa Leonor de Arag\u00f3n y de Sicilia.\u200b Se encuentran en esta capilla los enterramientos de gran parte de la dinast\u00eda Trast\u00e1mara, con las excepciones de Isabel la Cat\u00f3lica (enterrada en Granada), Juan II de Castilla (enterrado en la Cartuja de Miraflores de Burgos) y Enrique IV de Castilla (enterrado en el monasterio de Guadalupe de C\u00e1ceres). Como recuerdo hist\u00f3rico se conserva en esta capilla colocado en un maniqu\u00ed, el arn\u00e9s del alf\u00e9rez Duarte de Almeida que luch\u00f3 en la batalla de Toro (donde perdi\u00f3 los dos brazos siendo hecho prisionero por las tropas de los Reyes Cat\u00f3licos en 1476). El primer tramo forma el cuerpo de la peque\u00f1a iglesia con algunos altares y en el segundo tramo es donde se encuentran los enterramientos reales trasladados y metidos en arcosolios renacentistas, obra de Covarrubias.\u200b M\u00e1s que una capilla puede considerarse como una peque\u00f1a iglesia, de una nave con dos tramos y un \u00e1bside poligonal, m\u00e1s una sacrist\u00eda y un vest\u00edbulo de entrada, soluci\u00f3n original de Covarrubias.<\/p>\n<p>Un cohete provoc\u00f3 un incendio al lado del nuevo convento a punto de convertir en llamas la casa apenas inaugurada. El 26 de mayo llegaron a Sevilla y el 29, fiesta de la Sant\u00edsima Trinidad, se dijo la primera misa, inaugurando as\u00ed la fundaci\u00f3n andaluza, que fue para Mar\u00eda de San Jos\u00e9 el primer convento donde ejerci\u00f3 su primac\u00eda como priora. Tambi\u00e9n en Beas Mar\u00eda de San Jos\u00e9 fue testigo de primera mano como le lleg\u00f3 a la santa, unos d\u00edas antes de partir para Sevilla, una denuncia de la santa Inquisici\u00f3n por el Libro de su vida. Teresa, solo de la correspondencia intercambiada, fue el primer encuentro personal, y lo marc\u00f3 de una forma muy especial en la santa el resto de su vida, tambi\u00e9n fue b\u00e1sico para la historia de la reforma carmelitana a ra\u00edz de los problemas surgidos en Andaluc\u00eda con los Calzados. Graci\u00e1n era entonces visitador en Andaluc\u00eda, y enter\u00e1ndose de que la santa hab\u00eda fundado en Andaluc\u00eda y no en Castilla, como ella pensaba, la mand\u00f3 a fundar en Sevilla.<\/p>\n<p>Jer\u00f3nimo Graci\u00e1n, la c\u00e1rcel, la in-habilitaci\u00f3n como priora y finalmente el destierro de Mar\u00eda de San Jos\u00e9 al convento de Cuerva donde al poco de llegar muri\u00f3 el 19 de octubre de 1603.\u200b El P. Jer\u00f3nimo Graci\u00e1n es expulsado de la orden y San Juan de la Cruz es apartado del gobierno y desterrado al convento de \u00dabeda. Posteriormente, ya fallecida Santa Teresa, fue la fundadora y primera priora del convento de carmelitas descalzas de Lisboa en 1585. El 5 de abril se hacen las escrituras para el nuevo convento sevillano, y el 3 de junio se llev\u00f3 a cabo la solemne traslaci\u00f3n de la comunidad. Tras los ex\u00e1menes e investigaciones oportunas por parte del santo tribunal, la comunidad qued\u00f3 absuelta de toda acusaci\u00f3n.\u200b<\/p>\n","protected":false},"excerpt":{"rendered":"<p>Content ciudad-real \u2013 Horario de misas -espa\u00f1a San Juan de \u00c1vila Horario de misas en Almer\u00eda. Todas las iglesias sevilla \u2013 Horario de misas -espa\u00f1a Junto con la capilla siguiente llamada del Ochavo (situada hacia el fondo), constituyen el mejor ejemplo de edificaciones herrerianas de esta catedral. Los espacios herrerianos son el conjunto arquitect\u00f3nico comprendido [&hellip;]<\/p>\n","protected":false},"author":2,"featured_media":0,"comment_status":"closed","ping_status":"open","sticky":false,"template":"","format":"standard","meta":[],"categories":[1482],"tags":[],"_links":{"self":[{"href":"https:\/\/i-wapp.es\/imarkt\/admin\/wp-json\/wp\/v2\/posts\/36828"}],"collection":[{"href":"https:\/\/i-wapp.es\/imarkt\/admin\/wp-json\/wp\/v2\/posts"}],"about":[{"href":"https:\/\/i-wapp.es\/imarkt\/admin\/wp-json\/wp\/v2\/types\/post"}],"author":[{"embeddable":true,"href":"https:\/\/i-wapp.es\/imarkt\/admin\/wp-json\/wp\/v2\/users\/2"}],"replies":[{"embeddable":true,"href":"https:\/\/i-wapp.es\/imarkt\/admin\/wp-json\/wp\/v2\/comments?post=36828"}],"version-history":[{"count":1,"href":"https:\/\/i-wapp.es\/imarkt\/admin\/wp-json\/wp\/v2\/posts\/36828\/revisions"}],"predecessor-version":[{"id":36829,"href":"https:\/\/i-wapp.es\/imarkt\/admin\/wp-json\/wp\/v2\/posts\/36828\/revisions\/36829"}],"wp:attachment":[{"href":"https:\/\/i-wapp.es\/imarkt\/admin\/wp-json\/wp\/v2\/media?parent=36828"}],"wp:term":[{"taxonomy":"category","embeddable":true,"href":"https:\/\/i-wapp.es\/imarkt\/admin\/wp-json\/wp\/v2\/categories?post=36828"},{"taxonomy":"post_tag","embeddable":true,"href":"https:\/\/i-wapp.es\/imarkt\/admin\/wp-json\/wp\/v2\/tags?post=36828"}],"curies":[{"name":"wp","href":"https:\/\/api.w.org\/{rel}","templated":true}]}}